{"id":1604,"date":"2017-04-18T08:20:20","date_gmt":"2017-04-18T08:20:20","guid":{"rendered":"https:\/\/meetmeprograms.hu\/?p=1604\/"},"modified":"2017-04-18T08:45:16","modified_gmt":"2017-04-18T08:45:16","slug":"a-sef-utcaja","status":"publish","type":"post","link":"https:\/\/meetmeprograms.hu\/hu\/a-sef-utcaja\/","title":{"rendered":"A S\u00e9f utc\u00e1ja"},"content":{"rendered":"<p>Ha a deli, vagy delicatessen szavakat halljuk legink\u00e1bb a tengerent\u00fali \u00e9telb\u00e1rok jutnak esz\u00fcnkbe, ahol az aktu\u00e1lis napi meleg \u00e9tel mellett mindig adnak friss h\u00fasos szendvicseket, sal\u00e1t\u00e1kat.<\/p>\n<p>Egy huszon\u00f6t \u00e9ves bar\u00e1ts\u00e1g \u00e9s t\u00f6bbezer k\u00f6z\u00f6sen elfogyasztott \u00e9tel k\u00f6t \u00f6ssze minket \u2019udvari besz\u00e1ll\u00edt\u00f3nkkal\u2019 Lalival A S\u00e9ffel, aki hossz\u00fa ideje mondogatja, hogy k\u00e9ne m\u00e1r egy min\u0151s\u00e9gi, polg\u00e1rpukkaszt\u00f3, vag\u00e1ny \u00e1mde m\u00e9gis h\u00e1zias deli vagy hentes \u00fczlet a v\u00e1rosba, ahol igaz\u00e1n j\u00f3 h\u00e1zi s\u00fcltkolb\u00e1szt lehet enni, a hurka kiford\u00edtott \u00e9s zsid\u00f3 toj\u00e1son \u00e9rkezik, a r\u00e1nott pacalhoz sv\u00e9dgomba j\u00e1r \u00e9s ahol p\u00e9ntekenk\u00e9nt s\u00f3letet is adnak.<\/p>\n\n\t\t<style type=\"text\/css\">\n\t\t\t#gallery-1{\n\t\t\t\tmargin:auto;\n\t\t\t}\n\t\t\t#gallery-1 .gallery-item{\n\t\t\t\tfloat:left;\n\t\t\t\tmargin-top:10px;\n\t\t\t\ttext-align:center;\n\t\t\t\twidth:33%;\n\t\t\t}\n\t\t\t#gallery-1 img{\n\t\t\t\tborder:2px solid #cfcfcf;\n\t\t\t}\n\t\t\t#gallery-1 .gallery-caption{\n\t\t\t\tmargin-left:0;\n\t\t\t}\n\t\t\t\/* see gallery_shortcode() in wp-includes\/media.php *\/\n\t\t<\/style>\n\t\t<div data-gallery-style=\"\" id='gallery-1' class='gallery galleryid-1604 gallery-columns-3 gallery-size-thumbnail'><dl class='gallery-item'>\n\t\t\t<dt class='gallery-icon landscape'>\n\t\t\t\t<a href='https:\/\/meetmeprograms.hu\/wp-content\/uploads\/2017\/04\/01-1.jpg'><img width=\"150\" height=\"150\" src=\"https:\/\/meetmeprograms.hu\/wp-content\/uploads\/2017\/04\/01-1-150x150.jpg\" class=\"attachment-thumbnail size-thumbnail\" alt=\"\" decoding=\"async\" loading=\"lazy\" \/><\/a>\n\t\t\t<\/dt><\/dl><dl class='gallery-item'>\n\t\t\t<dt class='gallery-icon landscape'>\n\t\t\t\t<a href='https:\/\/meetmeprograms.hu\/wp-content\/uploads\/2017\/04\/02-1.jpg'><img width=\"150\" height=\"150\" src=\"https:\/\/meetmeprograms.hu\/wp-content\/uploads\/2017\/04\/02-1-150x150.jpg\" class=\"attachment-thumbnail size-thumbnail\" alt=\"\" decoding=\"async\" loading=\"lazy\" \/><\/a>\n\t\t\t<\/dt><\/dl><dl class='gallery-item'>\n\t\t\t<dt class='gallery-icon portrait'>\n\t\t\t\t<a href='https:\/\/meetmeprograms.hu\/wp-content\/uploads\/2017\/04\/03-1.jpg'><img width=\"150\" height=\"150\" src=\"https:\/\/meetmeprograms.hu\/wp-content\/uploads\/2017\/04\/03-1-150x150.jpg\" class=\"attachment-thumbnail size-thumbnail\" alt=\"\" decoding=\"async\" loading=\"lazy\" \/><\/a>\n\t\t\t<\/dt><\/dl><br style=\"clear: both\" \/>\n\t\t<\/div>\n\n<p>A S\u00e9f utc\u00e1j\u00e1ban, autentikus k\u00f6rnyezetben mindezt meg is val\u00f3s\u00edtjuk. A piacra vissz\u00fck az \u00e9teleket amiket szeret\u00fcnk \u00e9s szeret\u00fcnk \u00fajragondolni: a v\u00e9res hurk\u00e1t z\u00f6ldbors\u00f3p\u00fcr\u00e9vel, s\u00fclt alm\u00e1val, a konfit\u00e1lt kacsacombot zs\u00edrj\u00e1ban, lilahagym\u00e1val vagy \u00e9ppen a lecs\u00f3t.<br \/>\nA piacra, mert szeretj\u00fck a hangulat\u00e1t \u00e9s mert piacon enni j\u00f3.<br \/>\nA S\u00e9f utc\u00e1j\u00e1ban olyan \u00e9teleket adunk, amiket mindenki ismer egy olyan helyen, ahov\u00e1 mindenki j\u00e1r.<\/p>\n<p>Ezek vagyunk mi : A S\u00e9f utc\u00e1ja \u2013 Deli a piacon<br \/>\n#asefutcaja<\/p>\n<p>Facebook: <a href=\"https:\/\/www.facebook.com\/asefutcaja\/\" target=\"_blank\">https:\/\/www.facebook.com\/asefutcaja\/<\/a><br \/>\nNyitva: 08-18:00<br \/>\nTel.: 07 70\u00a0390 7757<\/p>\n","protected":false},"excerpt":{"rendered":"<p>Ha a deli, vagy delicatessen szavakat halljuk legink\u00e1bb a tengerent\u00fali \u00e9telb\u00e1rok jutnak esz\u00fcnkbe, ahol az aktu\u00e1lis napi meleg \u00e9tel mellett mindig adnak friss h\u00fasos szendvicseket, sal\u00e1t\u00e1kat. Egy huszon\u00f6t \u00e9ves bar\u00e1ts\u00e1g \u00e9s t\u00f6bbezer k\u00f6z\u00f6sen elfogyasztott \u00e9tel k\u00f6t \u00f6ssze minket \u2019udvari besz\u00e1ll\u00edt\u00f3nkkal\u2019 Lalival A S\u00e9ffel, aki hossz\u00fa ideje mondogatja, hogy k\u00e9ne m\u00e1r egy min\u0151s\u00e9gi, polg\u00e1rpukkaszt\u00f3, vag\u00e1ny \u00e1mde<br \/><a class=\"moretag\" href=\"https:\/\/meetmeprograms.hu\/hu\/a-sef-utcaja\/\">+ Read More<\/a><\/p>\n","protected":false},"author":1,"featured_media":1656,"comment_status":"open","ping_status":"closed","sticky":false,"template":"","format":"standard","meta":[],"categories":[88],"tags":[],"_links":{"self":[{"href":"https:\/\/meetmeprograms.hu\/hu\/wp-json\/wp\/v2\/posts\/1604"}],"collection":[{"href":"https:\/\/meetmeprograms.hu\/hu\/wp-json\/wp\/v2\/posts"}],"about":[{"href":"https:\/\/meetmeprograms.hu\/hu\/wp-json\/wp\/v2\/types\/post"}],"author":[{"embeddable":true,"href":"https:\/\/meetmeprograms.hu\/hu\/wp-json\/wp\/v2\/users\/1"}],"replies":[{"embeddable":true,"href":"https:\/\/meetmeprograms.hu\/hu\/wp-json\/wp\/v2\/comments?post=1604"}],"version-history":[{"count":1,"href":"https:\/\/meetmeprograms.hu\/hu\/wp-json\/wp\/v2\/posts\/1604\/revisions"}],"predecessor-version":[{"id":1605,"href":"https:\/\/meetmeprograms.hu\/hu\/wp-json\/wp\/v2\/posts\/1604\/revisions\/1605"}],"wp:featuredmedia":[{"embeddable":true,"href":"https:\/\/meetmeprograms.hu\/hu\/wp-json\/wp\/v2\/media\/1656"}],"wp:attachment":[{"href":"https:\/\/meetmeprograms.hu\/hu\/wp-json\/wp\/v2\/media?parent=1604"}],"wp:term":[{"taxonomy":"category","embeddable":true,"href":"https:\/\/meetmeprograms.hu\/hu\/wp-json\/wp\/v2\/categories?post=1604"},{"taxonomy":"post_tag","embeddable":true,"href":"https:\/\/meetmeprograms.hu\/hu\/wp-json\/wp\/v2\/tags?post=1604"}],"curies":[{"name":"wp","href":"https:\/\/api.w.org\/{rel}","templated":true}]}}