{"id":1674,"date":"2017-05-22T08:45:49","date_gmt":"2017-05-22T08:45:49","guid":{"rendered":"https:\/\/meetmeprograms.hu\/?p=1674\/"},"modified":"2017-05-22T08:45:49","modified_gmt":"2017-05-22T08:45:49","slug":"bp-esztetikai-fogaszat","status":"publish","type":"post","link":"https:\/\/meetmeprograms.hu\/hu\/bp-esztetikai-fogaszat\/","title":{"rendered":"Budapest Eszt\u00e9tikai Fog\u00e1szat"},"content":{"rendered":"<p>Eszt\u00e9tikai fog\u00e1szat<br \/>\nKiemelt figyelmet ford\u00edtunk arra, hogy kezel\u00e9seink teljesen f\u00e1jdalommentesek legyenek. Nemcsak a fogk\u0151 elt\u00e1vol\u00edt\u00e1st pr\u00f3b\u00e1ljuk teljesen f\u00e1jdalommentesen elv\u00e9gezni, de a sz\u00e1jseb\u00e9szeti beavatkoz\u00e1sokat is teljes \u00e9rz\u00e9stelens\u00e9gben v\u00e9gezz\u00fck.<br \/>\nFontosnak tartjuk, ezent\u00fal, hogy p\u00e1cienseink a fog\u00e1szatot ne tekints\u00e9k k\u00f6telez\u0151 rossznak, ne f\u00e9ljenek a kezel\u00e9sekt\u0151l. Ennek \u00e9rdek\u00e9ben nyugodt l\u00e9gk\u00f6rt \u00e9s j\u00f3 kommunik\u00e1ci\u00f3t pr\u00f3b\u00e1lunk kialak\u00edtani, \u00e9s k\u00f6z\u00f6sen pr\u00f3b\u00e1ljuk vel\u00fck kiv\u00e1lasztani a sz\u00e1mukra<\/p>\n\n\t\t<style type=\"text\/css\">\n\t\t\t#gallery-1{\n\t\t\t\tmargin:auto;\n\t\t\t}\n\t\t\t#gallery-1 .gallery-item{\n\t\t\t\tfloat:left;\n\t\t\t\tmargin-top:10px;\n\t\t\t\ttext-align:center;\n\t\t\t\twidth:33%;\n\t\t\t}\n\t\t\t#gallery-1 img{\n\t\t\t\tborder:2px solid #cfcfcf;\n\t\t\t}\n\t\t\t#gallery-1 .gallery-caption{\n\t\t\t\tmargin-left:0;\n\t\t\t}\n\t\t\t\/* see gallery_shortcode() in wp-includes\/media.php *\/\n\t\t<\/style>\n\t\t<div data-gallery-style=\"\" id='gallery-1' class='gallery galleryid-1674 gallery-columns-3 gallery-size-thumbnail'><dl class='gallery-item'>\n\t\t\t<dt class='gallery-icon landscape'>\n\t\t\t\t<a href='https:\/\/meetmeprograms.hu\/wp-content\/uploads\/2017\/05\/01-1.jpg'><img width=\"150\" height=\"150\" src=\"https:\/\/meetmeprograms.hu\/wp-content\/uploads\/2017\/05\/01-1-150x150.jpg\" class=\"attachment-thumbnail size-thumbnail\" alt=\"\" decoding=\"async\" loading=\"lazy\" \/><\/a>\n\t\t\t<\/dt><\/dl><dl class='gallery-item'>\n\t\t\t<dt class='gallery-icon landscape'>\n\t\t\t\t<a href='https:\/\/meetmeprograms.hu\/wp-content\/uploads\/2017\/05\/02-1.jpg'><img width=\"150\" height=\"150\" src=\"https:\/\/meetmeprograms.hu\/wp-content\/uploads\/2017\/05\/02-1-150x150.jpg\" class=\"attachment-thumbnail size-thumbnail\" alt=\"\" decoding=\"async\" loading=\"lazy\" \/><\/a>\n\t\t\t<\/dt><\/dl><dl class='gallery-item'>\n\t\t\t<dt class='gallery-icon landscape'>\n\t\t\t\t<a href='https:\/\/meetmeprograms.hu\/wp-content\/uploads\/2017\/05\/03-1.jpg'><img width=\"150\" height=\"150\" src=\"https:\/\/meetmeprograms.hu\/wp-content\/uploads\/2017\/05\/03-1-150x150.jpg\" class=\"attachment-thumbnail size-thumbnail\" alt=\"\" decoding=\"async\" loading=\"lazy\" \/><\/a>\n\t\t\t<\/dt><\/dl><br style=\"clear: both\" \/>\n\t\t<\/div>\n\n<p>Nyitva tart\u00e1s: H\u00e9tf\u0151 \u2013 P\u00e9ntekig: 08:00-20:00-ig<br \/>\nSzombat &#8211; Vas\u00e1rnap: Z\u00e1rva<\/p>\n<p>Tel: +36 (70) 464-6393<br \/>\nWeb: <a href=\"http:\/\/bpfogaszat.induljaweben.net\" target=\"_blank\" rel=\"noopener noreferrer\">http:\/\/bpfogaszat.induljaweben.net<\/a>\/<br \/>\nFacebook: <a href=\"https:\/\/www.facebook.com\/BpEsztetikaiFogaszat\" target=\"_blank\" rel=\"noopener noreferrer\">https:\/\/www.facebook.com\/BpEsztetikaiFogaszat<\/a>\/<br \/>\nE-mail: <a href=\"mailto:info@bp-fogaszat.hu\">info@bp-fogaszat.hu<\/a><br \/>\nC\u00edm: 1053 Budapest, Kecskem\u00e9ti utca 2.<\/p>\n","protected":false},"excerpt":{"rendered":"<p>Eszt\u00e9tikai fog\u00e1szat Kiemelt figyelmet ford\u00edtunk arra, hogy kezel\u00e9seink teljesen f\u00e1jdalommentesek legyenek. Nemcsak a fogk\u0151 elt\u00e1vol\u00edt\u00e1st pr\u00f3b\u00e1ljuk teljesen f\u00e1jdalommentesen elv\u00e9gezni, de a sz\u00e1jseb\u00e9szeti beavatkoz\u00e1sokat is teljes \u00e9rz\u00e9stelens\u00e9gben v\u00e9gezz\u00fck. Fontosnak tartjuk, ezent\u00fal, hogy p\u00e1cienseink a fog\u00e1szatot ne tekints\u00e9k k\u00f6telez\u0151 rossznak, ne f\u00e9ljenek a kezel\u00e9sekt\u0151l. Ennek \u00e9rdek\u00e9ben nyugodt l\u00e9gk\u00f6rt \u00e9s j\u00f3 kommunik\u00e1ci\u00f3t pr\u00f3b\u00e1lunk kialak\u00edtani, \u00e9s k\u00f6z\u00f6sen pr\u00f3b\u00e1ljuk vel\u00fck<br \/><a class=\"moretag\" href=\"https:\/\/meetmeprograms.hu\/hu\/bp-esztetikai-fogaszat\/\">+ Read More<\/a><\/p>\n","protected":false},"author":1,"featured_media":1672,"comment_status":"open","ping_status":"closed","sticky":false,"template":"","format":"standard","meta":[],"categories":[99],"tags":[],"_links":{"self":[{"href":"https:\/\/meetmeprograms.hu\/hu\/wp-json\/wp\/v2\/posts\/1674"}],"collection":[{"href":"https:\/\/meetmeprograms.hu\/hu\/wp-json\/wp\/v2\/posts"}],"about":[{"href":"https:\/\/meetmeprograms.hu\/hu\/wp-json\/wp\/v2\/types\/post"}],"author":[{"embeddable":true,"href":"https:\/\/meetmeprograms.hu\/hu\/wp-json\/wp\/v2\/users\/1"}],"replies":[{"embeddable":true,"href":"https:\/\/meetmeprograms.hu\/hu\/wp-json\/wp\/v2\/comments?post=1674"}],"version-history":[{"count":1,"href":"https:\/\/meetmeprograms.hu\/hu\/wp-json\/wp\/v2\/posts\/1674\/revisions"}],"predecessor-version":[{"id":1675,"href":"https:\/\/meetmeprograms.hu\/hu\/wp-json\/wp\/v2\/posts\/1674\/revisions\/1675"}],"wp:featuredmedia":[{"embeddable":true,"href":"https:\/\/meetmeprograms.hu\/hu\/wp-json\/wp\/v2\/media\/1672"}],"wp:attachment":[{"href":"https:\/\/meetmeprograms.hu\/hu\/wp-json\/wp\/v2\/media?parent=1674"}],"wp:term":[{"taxonomy":"category","embeddable":true,"href":"https:\/\/meetmeprograms.hu\/hu\/wp-json\/wp\/v2\/categories?post=1674"},{"taxonomy":"post_tag","embeddable":true,"href":"https:\/\/meetmeprograms.hu\/hu\/wp-json\/wp\/v2\/tags?post=1674"}],"curies":[{"name":"wp","href":"https:\/\/api.w.org\/{rel}","templated":true}]}}